{"id":1163,"date":"2014-01-26T20:32:58","date_gmt":"2014-01-26T19:32:58","guid":{"rendered":"http:\/\/www.randymotorclubpalleja.com\/wordpress\/?p=1163"},"modified":"2014-01-26T20:37:52","modified_gmt":"2014-01-26T19:37:52","slug":"el-museu-de-la-moto-de-bassella-prepara-una-exposicio-homenatge-a-fernando-randy-munoz","status":"publish","type":"post","link":"https:\/\/www.randymotorclubpalleja.com\/wordpress\/el-museu-de-la-moto-de-bassella-prepara-una-exposicio-homenatge-a-fernando-randy-munoz\/","title":{"rendered":"El Museu de la Moto de Bassella prepara una exposici\u00f3-homenatge a Fernando \u00abRandy\u00bb Mu\u00f1oz"},"content":{"rendered":"<p>El dia 15 de febrer el museu de la moto de Bassella inaugura una exposici\u00f3 temporal dedicada al nostre estimat Randy gr\u00e0cies a una m\u00fatua col \u00b7 laboraci\u00f3 del museu i el nostre motoclub.<\/p>\n<p>Es podran contemplar alguns dels models amb qu\u00e8 el pilot es va proclamar Campi\u00f3 d&#8217;Espanya de Motocr\u00f2s a finals dels &#8217;70 i principis dels &#8217;80.<\/p>\n<p><img loading=\"lazy\" decoding=\"async\" class=\"alignnone\" alt=\"\" src=\"http:\/\/www.bassella.com\/v3\/wp-content\/uploads\/2014\/01\/cartell-exposicio.jpg\" width=\"640\" height=\"400\" \/><\/p>\n<p>Us esperem all\u00e0!!<\/p>\n","protected":false},"excerpt":{"rendered":"<p>El dia 15 de febrer el museu de la moto de Bassella inaugura una exposici\u00f3 temporal dedicada al nostre estimat Randy gr\u00e0cies a una m\u00fatua col \u00b7 laboraci\u00f3 del museu i el nostre motoclub. Es podran contemplar alguns dels models &hellip; Sigue leyendo &rarr;<\/p>\n","protected":false},"author":1,"featured_media":0,"comment_status":"closed","ping_status":"closed","sticky":false,"template":"","format":"standard","meta":{"footnotes":""},"categories":[1],"tags":[],"class_list":["post-1163","post","type-post","status-publish","format-standard","hentry","category-uncategorized"],"_links":{"self":[{"href":"https:\/\/www.randymotorclubpalleja.com\/wordpress\/wp-json\/wp\/v2\/posts\/1163","targetHints":{"allow":["GET"]}}],"collection":[{"href":"https:\/\/www.randymotorclubpalleja.com\/wordpress\/wp-json\/wp\/v2\/posts"}],"about":[{"href":"https:\/\/www.randymotorclubpalleja.com\/wordpress\/wp-json\/wp\/v2\/types\/post"}],"author":[{"embeddable":true,"href":"https:\/\/www.randymotorclubpalleja.com\/wordpress\/wp-json\/wp\/v2\/users\/1"}],"replies":[{"embeddable":true,"href":"https:\/\/www.randymotorclubpalleja.com\/wordpress\/wp-json\/wp\/v2\/comments?post=1163"}],"version-history":[{"count":3,"href":"https:\/\/www.randymotorclubpalleja.com\/wordpress\/wp-json\/wp\/v2\/posts\/1163\/revisions"}],"predecessor-version":[{"id":1166,"href":"https:\/\/www.randymotorclubpalleja.com\/wordpress\/wp-json\/wp\/v2\/posts\/1163\/revisions\/1166"}],"wp:attachment":[{"href":"https:\/\/www.randymotorclubpalleja.com\/wordpress\/wp-json\/wp\/v2\/media?parent=1163"}],"wp:term":[{"taxonomy":"category","embeddable":true,"href":"https:\/\/www.randymotorclubpalleja.com\/wordpress\/wp-json\/wp\/v2\/categories?post=1163"},{"taxonomy":"post_tag","embeddable":true,"href":"https:\/\/www.randymotorclubpalleja.com\/wordpress\/wp-json\/wp\/v2\/tags?post=1163"}],"curies":[{"name":"wp","href":"https:\/\/api.w.org\/{rel}","templated":true}]}}