{"id":1188,"date":"2014-02-16T13:34:18","date_gmt":"2014-02-16T12:34:18","guid":{"rendered":"http:\/\/www.randymotorclubpalleja.com\/wordpress\/?p=1188"},"modified":"2014-02-16T13:38:35","modified_gmt":"2014-02-16T12:38:35","slug":"homenaje-a-randy-en-el-museo-de-la-moto-de-basella","status":"publish","type":"post","link":"https:\/\/www.randymotorclubpalleja.com\/wordpress\/homenaje-a-randy-en-el-museo-de-la-moto-de-basella\/","title":{"rendered":"Homenaje a Randy en el museo de la moto de Basella"},"content":{"rendered":"<p>Gran d\u00eda para el mundo del motociclismo en la fabulosa inauguraci\u00f3n de la exposici\u00f3n sobre nuestro querido Randy que se hizo en el museo de la moto de Basella.<\/p>\n<p>Muchas emociones y muchos recuerdos estuvieron presentes as\u00ed como los grandes compa\u00f1eros y pilotos de la \u00e9poca legendaria del motocroos espa\u00f1ol de los 70\/80.<\/p>\n<p>Gracias a Estanis Soler por haber apoyado el proyecto.<\/p>\n<p><img loading=\"lazy\" decoding=\"async\" class=\"alignnone\" alt=\"\" src=\"https:\/\/lh4.googleusercontent.com\/-3SxnNn9pLrg\/UwCjGZwWbnI\/AAAAAAAACec\/xb1kfE800VU\/s640\/P2150050.JPG\" width=\"640\" height=\"480\" \/><\/p>\n<p><img loading=\"lazy\" decoding=\"async\" class=\"alignnone\" alt=\"\" src=\"https:\/\/lh4.googleusercontent.com\/-usALEw23HHM\/UwCjcPGvENI\/AAAAAAAACe0\/T0DZQCAZcdA\/s640\/P2150053.JPG\" width=\"640\" height=\"480\" \/><\/p>\n<p><img loading=\"lazy\" decoding=\"async\" class=\"alignnone\" alt=\"\" src=\"https:\/\/lh3.googleusercontent.com\/-UWQEb6oWfdQ\/UwClpF-CRzI\/AAAAAAAAChE\/5jBd0SR-vRU\/s640\/P2150071.JPG\" width=\"640\" height=\"480\" \/><\/p>\n<p>Pode\u00eds ver m\u00e1s fotos en nuestro alb\u00fam aqui:\u00a0<a href=\"https:\/\/picasaweb.google.com\/108451773688575858215\/HomenajeARandyEnBasella#\" target=\"_blank\">https:\/\/picasaweb.google.com\/108451773688575858215\/HomenajeARandyEnBasella#<\/a><\/p>\n","protected":false},"excerpt":{"rendered":"<p>Gran d\u00eda para el mundo del motociclismo en la fabulosa inauguraci\u00f3n de la exposici\u00f3n sobre nuestro querido Randy que se hizo en el museo de la moto de Basella. Muchas emociones y muchos recuerdos estuvieron presentes as\u00ed como los grandes &hellip; Sigue leyendo &rarr;<\/p>\n","protected":false},"author":1,"featured_media":0,"comment_status":"closed","ping_status":"closed","sticky":false,"template":"","format":"standard","meta":{"footnotes":""},"categories":[1],"tags":[],"class_list":["post-1188","post","type-post","status-publish","format-standard","hentry","category-uncategorized"],"_links":{"self":[{"href":"https:\/\/www.randymotorclubpalleja.com\/wordpress\/wp-json\/wp\/v2\/posts\/1188","targetHints":{"allow":["GET"]}}],"collection":[{"href":"https:\/\/www.randymotorclubpalleja.com\/wordpress\/wp-json\/wp\/v2\/posts"}],"about":[{"href":"https:\/\/www.randymotorclubpalleja.com\/wordpress\/wp-json\/wp\/v2\/types\/post"}],"author":[{"embeddable":true,"href":"https:\/\/www.randymotorclubpalleja.com\/wordpress\/wp-json\/wp\/v2\/users\/1"}],"replies":[{"embeddable":true,"href":"https:\/\/www.randymotorclubpalleja.com\/wordpress\/wp-json\/wp\/v2\/comments?post=1188"}],"version-history":[{"count":3,"href":"https:\/\/www.randymotorclubpalleja.com\/wordpress\/wp-json\/wp\/v2\/posts\/1188\/revisions"}],"predecessor-version":[{"id":1191,"href":"https:\/\/www.randymotorclubpalleja.com\/wordpress\/wp-json\/wp\/v2\/posts\/1188\/revisions\/1191"}],"wp:attachment":[{"href":"https:\/\/www.randymotorclubpalleja.com\/wordpress\/wp-json\/wp\/v2\/media?parent=1188"}],"wp:term":[{"taxonomy":"category","embeddable":true,"href":"https:\/\/www.randymotorclubpalleja.com\/wordpress\/wp-json\/wp\/v2\/categories?post=1188"},{"taxonomy":"post_tag","embeddable":true,"href":"https:\/\/www.randymotorclubpalleja.com\/wordpress\/wp-json\/wp\/v2\/tags?post=1188"}],"curies":[{"name":"wp","href":"https:\/\/api.w.org\/{rel}","templated":true}]}}