{"id":143,"date":"2012-01-09T18:09:21","date_gmt":"2012-01-09T18:09:21","guid":{"rendered":"http:\/\/www.randymotorclubpalleja.com\/wordpress\/?p=143"},"modified":"2012-01-09T18:23:18","modified_gmt":"2012-01-09T18:23:18","slug":"la-primera-del-any","status":"publish","type":"post","link":"https:\/\/www.randymotorclubpalleja.com\/wordpress\/la-primera-del-any\/","title":{"rendered":"La primera del any!!"},"content":{"rendered":"<p>Han sido m\u00e1s de 100 km por pistas sin descanso con la banda de siempre (Toni, Diego, Tomy, Cherokee, Candel\u00f3n, VolvoX12, Cesc y CharlyXT) y la nueva incorporaci\u00f3n de Jordi con su Africa Twin que se gradu\u00f3 con honores y la nueva Freewind de VolvoX12 que tambi\u00e9n se estren\u00f3 por tierras de Osona. Es la patria chica de Nani Roma y del poeta Jacint Verdaguer (los m\u00e1s mayores recordamos los billetes de 500 pesetas con su imagen, para saber m\u00e1s [URL]http:\/\/www.euro-senders.com\/rutes\/web_cas\/notes\/notes_verdaguer.htm[\/URL]). La verdad es que no me acordaba hasta que empezamos a pisar los caminos y comenc\u00e9 a ver la ruta tur\u00edstica de Verdaguer marcada por los hitos a nuestro paso. He encontrado algunos versos y creo que algunos le van bien a los rincones por los que pudimos pasar.<\/p>\n<p>Salimos bastante temprano con la idea de encontrarnos en Seva, el pueblo de Alex Crivill\u00e9, con Tomy, Diego, Candel\u00f3n y Toni que ven\u00edan por pistas desde mucho antes, pero nos alcanzaron por el camino y continuamos juntos por unas pistas llenas de losas de piedra, barro helado y escalones camino de Vic.<br \/>\nVeniu a mi, congoixes del martiri,<br \/>\nveniu, oh creus, mon or i ma fortuna,<br \/>\nornau mon front, engalonau mos bra\u00e7os.<\/p>\n<p>Venid a m\u00ed, congojas del martirio,<br \/>\nvenid, oh cruces, mi oro y mi fortuna<br \/>\nadornad mi frente, engalonad mis brazos<br \/>\n<img loading=\"lazy\" decoding=\"async\" class=\"aligncenter\" title=\"drz250\" src=\"https:\/\/lh5.googleusercontent.com\/-VkFqnsaDINg\/Twldyd128xI\/AAAAAAAABGU\/sTU7zk93QnU\/s720\/CIMG0873.JPG?gl=ES\" alt=\"\" width=\"720\" height=\"540\" \/><br \/>\nEl verso podr\u00eda ir bien para el rato de escalones que nos dej\u00f3 los brazos a punto, pero el martirio fue para Tomy y Cherokee, que echaban de menos sus bocadillos arreglando un se\u00f1or revent\u00f3n mientras los dem\u00e1s estabamos disfrutando de la buena mesa. Decidimos hacer un esmor\u00e7ar de forquilla a las doce (desayuno de tenedor) para aprovechar bien las horas de luz y sobre todo el calor del mediod\u00eda.<br \/>\n<img loading=\"lazy\" decoding=\"async\" class=\"aligncenter\" title=\"almuerzo\" src=\"https:\/\/lh5.googleusercontent.com\/-OCqjD7EqJYQ\/TwlkKHD_l1I\/AAAAAAAABJA\/3dRl5QzstT4\/s720\/07012012103.jpg?gl=ES\" alt=\"\" width=\"720\" height=\"540\" \/><\/p>\n<p>Se retrasan Tomy y Cherokee, se retrasan, \u00bfqu\u00e9 habr\u00e1 pasado?<br \/>\nAl cim d&#8217;un promontori que domina<br \/>\nles ones de la mar,<br \/>\nquan l&#8217;astre rei cap a ponent declina<br \/>\nme&#8217;n pujo a meditar.<\/p>\n<p>En lo alto de un promontorio que domina<br \/>\nlas olas del mar<br \/>\ncuando el astro rey hacia poniente declina<br \/>\nsubo a meditar<\/p>\n<p><img loading=\"lazy\" decoding=\"async\" class=\"aligncenter\" title=\"pinchazo\" src=\"https:\/\/lh5.googleusercontent.com\/-iiGchhFf-4E\/TwldkpIJaoI\/AAAAAAAABIk\/9I_dTXsBWp0\/s512\/CIMG0871.JPG?gl=ES\" alt=\"\" width=\"384\" height=\"512\" \/><\/p>\n<p>Acudimos y el pinchazo fue reparado. Continuamos la ruta en direcci\u00f3n a Folgueroles por caminos m\u00e1s pl\u00e1cidos.<\/p>\n<p>Un hito que se\u00f1ala Cesc como frontera de tres poblaciones<\/p>\n<p><img loading=\"lazy\" decoding=\"async\" class=\"aligncenter\" title=\"cesc\" src=\"https:\/\/lh6.googleusercontent.com\/-FBsWPSgYHcc\/Twle4nTWIqI\/AAAAAAAABHA\/xZ0ulrMLbzU\/s720\/CIMG0886.JPG?gl=ES\" alt=\"\" width=\"720\" height=\"540\" \/><\/p>\n<p><img loading=\"lazy\" decoding=\"async\" class=\"aligncenter\" title=\"camino\" src=\"https:\/\/lh3.googleusercontent.com\/-nRF4yiZAQZA\/TwlfCflUWkI\/AAAAAAAABHI\/VvnbmCRwqec\/s720\/CIMG0888.JPG?gl=ES\" alt=\"\" width=\"720\" height=\"540\" \/><\/p>\n<p><img loading=\"lazy\" decoding=\"async\" class=\"aligncenter\" title=\"cherokee\" src=\"https:\/\/lh5.googleusercontent.com\/-BFD6u3hNl48\/TwlfKy7s2bI\/AAAAAAAABHQ\/xv8BSf-LAK4\/s720\/CIMG0890.JPG?gl=ES\" alt=\"\" width=\"720\" height=\"540\" \/><\/p>\n<p>Cherokee parece contento<\/p>\n<p>Voltada de turons, oberta i franca<br \/>\nme sembles, gran ciutat,<br \/>\nun niu de flors penjat en una branca<br \/>\ndel Pirineu nevat.<\/p>\n<p>Rodeada de colinas, abierta y franca<br \/>\nme pareces, gran ciudad,<br \/>\nun nido de flores colgado en una rama<br \/>\ndel Pirineo nevado.<\/p>\n<p><img loading=\"lazy\" decoding=\"async\" class=\"aligncenter\" title=\"paisaje\" src=\"https:\/\/lh6.googleusercontent.com\/-gjrF97IvQUo\/TwlfUtQWqRI\/AAAAAAAABHY\/KvZoWFHc8n8\/s720\/CIMG0892.JPG?gl=ES\" alt=\"\" width=\"720\" height=\"540\" \/><\/p>\n<p><img loading=\"lazy\" decoding=\"async\" class=\"aligncenter\" title=\"fila\" src=\"https:\/\/lh6.googleusercontent.com\/-QSeNyPnA724\/Twlk44i93YI\/AAAAAAAABKI\/icv63ZKx_mE\/s720\/07012012113.jpg?gl=ES\" alt=\"\" width=\"720\" height=\"540\" \/><\/p>\n<p><img loading=\"lazy\" decoding=\"async\" class=\"aligncenter\" title=\"paisaje\" src=\"https:\/\/lh6.googleusercontent.com\/-WW5-nu08sDA\/TwlfvFpIINI\/AAAAAAAABHw\/J-Usrpu9ZlA\/s720\/CIMG0898.JPG?gl=ES\" alt=\"\" width=\"720\" height=\"540\" \/><\/p>\n<p>Parecen los Monegros, pero son los alrededores del santuario de Puig-Agut<\/p>\n<p><img loading=\"lazy\" decoding=\"async\" class=\"aligncenter\" title=\"santuario\" src=\"https:\/\/lh3.googleusercontent.com\/-cXHXeLGO8F8\/Twlf9QgcBGI\/AAAAAAAABIA\/57Jtu54DY_U\/s720\/CIMG0902.JPG?gl=ES\" alt=\"\" width=\"720\" height=\"540\" \/><\/p>\n<p>Se ve un poco raro, pero es que se inspir\u00f3 en el de Tarbes, en Francia.<\/p>\n<p><img loading=\"lazy\" decoding=\"async\" class=\"aligncenter\" title=\"paisaje\" src=\"https:\/\/lh6.googleusercontent.com\/-qNQlq_0nwvs\/TwlgIlb2nOI\/AAAAAAAABIM\/Ke_ar0QPoY0\/s720\/CIMG0905.JPG?gl=ES\" alt=\"\" width=\"720\" height=\"540\" \/><\/p>\n<p><img loading=\"lazy\" decoding=\"async\" class=\"aligncenter\" title=\"paisaje\" src=\"https:\/\/lh5.googleusercontent.com\/-i9POR8tkHCk\/TwllSrWZ2yI\/AAAAAAAABKw\/YNC_VSN92qk\/s720\/07012012119.jpg?gl=ES\" alt=\"\" width=\"720\" height=\"540\" \/><\/p>\n<p>Al fondo el Pirineo nevado, no pude sacar una foto desde m\u00e1s arriba donde se ve\u00eda la cordillera bastante m\u00e1s completa. La visibilidad ayer era impresionante.<\/p>\n<p><img loading=\"lazy\" decoding=\"async\" class=\"aligncenter\" title=\"grupo\" src=\"https:\/\/lh4.googleusercontent.com\/-wdg8LpdLQf8\/Twllb8NjBuI\/AAAAAAAABLQ\/SlubKTZ6ZKI\/s720\/07012012122.jpg?gl=ES\" alt=\"\" width=\"720\" height=\"540\" \/><\/p>\n<p>Y a la ca\u00edda del sol contentos de un gran d\u00eda de moto nos despedimos hasta la siguiente.<\/p>\n<p>Link al album completo de fotos [URL]https:\/\/picasaweb.google.com\/108144596896032809543\/070112Transosona#[\/URL]<\/p>\n","protected":false},"excerpt":{"rendered":"<p>Han sido m\u00e1s de 100 km por pistas sin descanso con la banda de siempre (Toni, Diego, Tomy, Cherokee, Candel\u00f3n, VolvoX12, Cesc y CharlyXT) y la nueva incorporaci\u00f3n de Jordi con su Africa Twin que se gradu\u00f3 con honores y &hellip; Sigue leyendo &rarr;<\/p>\n","protected":false},"author":1,"featured_media":0,"comment_status":"closed","ping_status":"closed","sticky":false,"template":"","format":"standard","meta":{"footnotes":""},"categories":[1],"tags":[],"class_list":["post-143","post","type-post","status-publish","format-standard","hentry","category-uncategorized"],"_links":{"self":[{"href":"https:\/\/www.randymotorclubpalleja.com\/wordpress\/wp-json\/wp\/v2\/posts\/143","targetHints":{"allow":["GET"]}}],"collection":[{"href":"https:\/\/www.randymotorclubpalleja.com\/wordpress\/wp-json\/wp\/v2\/posts"}],"about":[{"href":"https:\/\/www.randymotorclubpalleja.com\/wordpress\/wp-json\/wp\/v2\/types\/post"}],"author":[{"embeddable":true,"href":"https:\/\/www.randymotorclubpalleja.com\/wordpress\/wp-json\/wp\/v2\/users\/1"}],"replies":[{"embeddable":true,"href":"https:\/\/www.randymotorclubpalleja.com\/wordpress\/wp-json\/wp\/v2\/comments?post=143"}],"version-history":[{"count":7,"href":"https:\/\/www.randymotorclubpalleja.com\/wordpress\/wp-json\/wp\/v2\/posts\/143\/revisions"}],"predecessor-version":[{"id":149,"href":"https:\/\/www.randymotorclubpalleja.com\/wordpress\/wp-json\/wp\/v2\/posts\/143\/revisions\/149"}],"wp:attachment":[{"href":"https:\/\/www.randymotorclubpalleja.com\/wordpress\/wp-json\/wp\/v2\/media?parent=143"}],"wp:term":[{"taxonomy":"category","embeddable":true,"href":"https:\/\/www.randymotorclubpalleja.com\/wordpress\/wp-json\/wp\/v2\/categories?post=143"},{"taxonomy":"post_tag","embeddable":true,"href":"https:\/\/www.randymotorclubpalleja.com\/wordpress\/wp-json\/wp\/v2\/tags?post=143"}],"curies":[{"name":"wp","href":"https:\/\/api.w.org\/{rel}","templated":true}]}}