{"id":403,"date":"2013-05-18T18:52:01","date_gmt":"2013-05-18T18:52:01","guid":{"rendered":"http:\/\/www.randymotorclubpalleja.com\/wordpress\/?p=403"},"modified":"2013-05-18T18:59:59","modified_gmt":"2013-05-18T18:59:59","slug":"la-inauguracio-de-lexposicio-homenatge-a-fernando-munoz-randy-ha-estat-tot-un-exit","status":"publish","type":"post","link":"https:\/\/www.randymotorclubpalleja.com\/wordpress\/la-inauguracio-de-lexposicio-homenatge-a-fernando-munoz-randy-ha-estat-tot-un-exit\/","title":{"rendered":"La inauguraci\u00f3 de l&#8217;exposici\u00f3-homenatge a Fernando Mu\u00f1oz, Randy, ha estat tot un \u00e8xit."},"content":{"rendered":"<p>Moltes gr\u00e0cies a la fam\u00edlia (Pepi, Andy, Alicia, Pepe i la seva senyora) per acompanyar-nos i cedir-nos records, material i fotos, als bons amics com l&#8217;Antonio Benito per deixar-nos les motos, posters i cartells, en Joan Navarro, Joan Miquel Vila, Ram\u00f3n Costa de Motos Costa a l&#8217;alcalde de Pallej\u00e0 Ismael Alvarez i el regidor d&#8217;esports Jaume Boronat. Gr\u00e0cies a Domingo Illa per haver vingut, i a tantes altres persones que m&#8217;estendria molt en posar els seus noms. Les revistes Motociclismo i Motociclismo Cl\u00e1sico tamb\u00e9 han tingut un rac\u00f3 als nostres agra\u00efments. Estarem cada tarda al Castell de Pallej\u00e0 de 19 a 21 h. fins al dia 31. L&#8217;entrada es lliure.<\/p>\n<p><img loading=\"lazy\" decoding=\"async\" class=\"alignnone\" alt=\"\" src=\"https:\/\/lh4.googleusercontent.com\/-XmDCGP3KxqA\/UZd0sa5jtWI\/AAAAAAAACQg\/BkFpE4oYWHM\/s640\/P1010011.JPG\" width=\"640\" height=\"480\" \/><img loading=\"lazy\" decoding=\"async\" class=\"alignnone\" alt=\"\" src=\"https:\/\/lh6.googleusercontent.com\/-F8HeFob5J1s\/UZd1YdexjcI\/AAAAAAAACQ4\/IAMCNiQrnAQ\/s640\/P1010014.JPG\" width=\"640\" height=\"480\" \/><img loading=\"lazy\" decoding=\"async\" class=\"alignnone\" alt=\"\" src=\"https:\/\/lh5.googleusercontent.com\/-MkUuYwvbaAw\/UZd33a-IBtI\/AAAAAAAACSQ\/VKvr4IK7Xpo\/s640\/P1010025.JPG\" width=\"640\" height=\"480\" \/><\/p>\n<p>Per veure m\u00e9s fotos cliqueu <a href=\"https:\/\/picasaweb.google.com\/108451773688575858215\/HomenajeARandy#\">AQU\u00cd<\/a><\/p>\n","protected":false},"excerpt":{"rendered":"<p>Moltes gr\u00e0cies a la fam\u00edlia (Pepi, Andy, Alicia, Pepe i la seva senyora) per acompanyar-nos i cedir-nos records, material i fotos, als bons amics com l&#8217;Antonio Benito per deixar-nos les motos, posters i cartells, en Joan Navarro, Joan Miquel Vila, &hellip; Sigue leyendo &rarr;<\/p>\n","protected":false},"author":1,"featured_media":0,"comment_status":"closed","ping_status":"closed","sticky":false,"template":"","format":"standard","meta":{"footnotes":""},"categories":[1],"tags":[],"class_list":["post-403","post","type-post","status-publish","format-standard","hentry","category-uncategorized"],"_links":{"self":[{"href":"https:\/\/www.randymotorclubpalleja.com\/wordpress\/wp-json\/wp\/v2\/posts\/403","targetHints":{"allow":["GET"]}}],"collection":[{"href":"https:\/\/www.randymotorclubpalleja.com\/wordpress\/wp-json\/wp\/v2\/posts"}],"about":[{"href":"https:\/\/www.randymotorclubpalleja.com\/wordpress\/wp-json\/wp\/v2\/types\/post"}],"author":[{"embeddable":true,"href":"https:\/\/www.randymotorclubpalleja.com\/wordpress\/wp-json\/wp\/v2\/users\/1"}],"replies":[{"embeddable":true,"href":"https:\/\/www.randymotorclubpalleja.com\/wordpress\/wp-json\/wp\/v2\/comments?post=403"}],"version-history":[{"count":4,"href":"https:\/\/www.randymotorclubpalleja.com\/wordpress\/wp-json\/wp\/v2\/posts\/403\/revisions"}],"predecessor-version":[{"id":406,"href":"https:\/\/www.randymotorclubpalleja.com\/wordpress\/wp-json\/wp\/v2\/posts\/403\/revisions\/406"}],"wp:attachment":[{"href":"https:\/\/www.randymotorclubpalleja.com\/wordpress\/wp-json\/wp\/v2\/media?parent=403"}],"wp:term":[{"taxonomy":"category","embeddable":true,"href":"https:\/\/www.randymotorclubpalleja.com\/wordpress\/wp-json\/wp\/v2\/categories?post=403"},{"taxonomy":"post_tag","embeddable":true,"href":"https:\/\/www.randymotorclubpalleja.com\/wordpress\/wp-json\/wp\/v2\/tags?post=403"}],"curies":[{"name":"wp","href":"https:\/\/api.w.org\/{rel}","templated":true}]}}