{"id":85,"date":"2011-08-19T19:29:17","date_gmt":"2011-08-19T19:29:17","guid":{"rendered":"http:\/\/www.randymotorclubpalleja.com\/wordpress\/?p=85"},"modified":"2011-08-19T19:50:12","modified_gmt":"2011-08-19T19:50:12","slug":"los-puertos-pirenaicos-del-tour","status":"publish","type":"post","link":"https:\/\/www.randymotorclubpalleja.com\/wordpress\/los-puertos-pirenaicos-del-tour\/","title":{"rendered":"Los puertos pirenaicos del Tour"},"content":{"rendered":"<p>Toni y Ana hemos salido unos d\u00edas para disfrutar de una ruta a la que ten\u00eda muchas ganas: la route des cols del Pirineo franc\u00e9s. Siguiendo el recorrido tradicional del Tour hemos recorrido unos 600 km por algunos de los puertos m\u00edticos de la prueba ciclista.<\/p>\n<p>En primer lugar nos dirigimos al camping motero de Anz\u00e1nigo (Huesca) donde disfrutamos de un d\u00eda de relax y una noche de tormenta antes de cruzar la frontera por Canfranc. No faltaron las pistas en la zona de Lleida por la zona del pantano de Canyelles.<\/p>\n<p>&nbsp;<\/p>\n<p><img loading=\"lazy\" decoding=\"async\" class=\"alignnone\" title=\"Pantano Canyelles\" src=\"https:\/\/lh6.googleusercontent.com\/-P0O9aYXHzs8\/Tkl1HNC0RNI\/AAAAAAAAAe8\/1Mqk3528BRg\/s640\/CIMG0203.JPG\" alt=\"\" width=\"640\" height=\"480\" \/><br \/>\nToni junto al pantano de Canyelles<\/p>\n<p><img loading=\"lazy\" decoding=\"async\" class=\"alignnone\" title=\"Pantano\" src=\"https:\/\/lh6.googleusercontent.com\/-gDFlBXkLbl8\/Tkl1O-YRBnI\/AAAAAAAAAfE\/0Q4cukjEBvg\/s512\/CIMG0205.JPG\" alt=\"\" width=\"384\" height=\"512\" \/><br \/>\nImpresionante vista desde lo alto de la presa<\/p>\n<p><img loading=\"lazy\" decoding=\"async\" class=\"alignnone\" title=\"Anzanigo\" src=\"https:\/\/lh6.googleusercontent.com\/-t0t54WbxFtE\/Tkoixl9l4aI\/AAAAAAAAAmo\/rexuXzAEl2c\/s640\/P8150010.JPG\" alt=\"\" width=\"640\" height=\"480\" \/><br \/>\nNuestro hotel de cinco estrellas con restaurante gastron\u00f3mico<\/p>\n<p><img loading=\"lazy\" decoding=\"async\" class=\"alignnone\" src=\"https:\/\/lh4.googleusercontent.com\/-AAj9zzgrCWA\/Tkl2A-1vx6I\/AAAAAAAAAf0\/MO6NyC3kY7s\/s640\/CIMG0215.JPG\" alt=\"\" width=\"640\" height=\"480\" \/><br \/>\nEl impresionante puente medieval de Anz\u00e1nigo con el pueblo al fondo<\/p>\n<p><img loading=\"lazy\" decoding=\"async\" class=\"alignnone\" src=\"https:\/\/lh4.googleusercontent.com\/-vDKJm-YtYig\/Tkl3WmlYi8I\/AAAAAAAAAhA\/jHiiqlf_usk\/s512\/CIMG0233.JPG\" alt=\"\" width=\"384\" height=\"512\" \/><br \/>\nT\u00edpica chimenea altoaragonesa<\/p>\n<p><img loading=\"lazy\" decoding=\"async\" class=\"alignnone\" src=\"https:\/\/lh3.googleusercontent.com\/-i025Ax-0X48\/Tkl3hqNDlAI\/AAAAAAAAAhQ\/5OzxN5Cur6U\/s640\/CIMG0236.JPG\" alt=\"\" width=\"640\" height=\"480\" \/><br \/>\nToni contento porque tiene la despensa llena<\/p>\n<p><img loading=\"lazy\" decoding=\"async\" class=\"alignnone\" src=\"https:\/\/lh3.googleusercontent.com\/-OjlBxM0UZ2o\/Tkl38E-lC-I\/AAAAAAAAAh0\/WyxW_Nf8VDM\/s640\/CIMG0242.JPG\" alt=\"\" width=\"640\" height=\"480\" \/><br \/>\nAl d\u00eda siguiente partimos hacia Francia por Canfranc. La estaci\u00f3n de Canfranc es una joya.<\/p>\n<p><img loading=\"lazy\" decoding=\"async\" class=\"alignnone\" src=\"https:\/\/lh4.googleusercontent.com\/-8pjoqAjDh7g\/TkoiY1WmqDI\/AAAAAAAAAmk\/8Acb_fZdb0k\/s640\/P8150012.JPG\" alt=\"\" width=\"640\" height=\"480\" \/><br \/>\nDespues de pasar por la frontera dejando atr\u00e1s Candanch\u00fa bajamos el Somport, que es una gozada.<\/p>\n<p><img loading=\"lazy\" decoding=\"async\" class=\"alignnone\" src=\"https:\/\/lh6.googleusercontent.com\/-f-fBuoDIN9c\/Tkl4puaCbJI\/AAAAAAAAAik\/pbY-YtJOK7o\/s640\/CIMG0254.JPG\" alt=\"\" width=\"640\" height=\"480\" \/><\/p>\n<p><img loading=\"lazy\" decoding=\"async\" class=\"alignnone\" src=\"https:\/\/lh5.googleusercontent.com\/-zvJKG_nKang\/TkojahDo9iI\/AAAAAAAAAm0\/m0wjukUzSFg\/s640\/P8150015.JPG\" alt=\"\" width=\"640\" height=\"480\" \/><br \/>\nEl d\u00eda no acompa\u00f1aba mucho pero tampoco hac\u00eda calor<\/p>\n<p><img loading=\"lazy\" decoding=\"async\" class=\"alignnone\" src=\"https:\/\/lh4.googleusercontent.com\/-rn_dZitXO88\/Tkl4zhW8caI\/AAAAAAAAAi0\/oIIjMlNidCM\/s640\/CIMG0257.JPG\" alt=\"\" width=\"640\" height=\"480\" \/><br \/>\nYa estamos en la nacional direcci\u00f3n Tarbes<\/p>\n<p><img loading=\"lazy\" decoding=\"async\" class=\"alignnone\" src=\"https:\/\/lh3.googleusercontent.com\/-e5OZq9UjtQ0\/TkojeihqvzI\/AAAAAAAAAm8\/_STvfYSqXfM\/s512\/P8150017.JPG\" alt=\"\" width=\"384\" height=\"512\" \/><\/p>\n<p><img loading=\"lazy\" decoding=\"async\" class=\"alignnone\" src=\"https:\/\/lh6.googleusercontent.com\/-w2Uz0mzy9m0\/TkojdmJ1CQI\/AAAAAAAAAm4\/OZnFE4olezc\/s640\/P8150016.JPG\" alt=\"\" width=\"640\" height=\"480\" \/><br \/>\nLa fortaleza de Portalet, una pasada, que se construy\u00f3 para proteger la frontera una vez acabada nuestra Guerra de la Independencia porque no se fiaban ni un pelo de Espa\u00f1a. Como curiosidad, se utiliz\u00f3 como c\u00e1rcel en la \u00e9poca del r\u00e9gimen de Vichy y despu\u00e9s de la guerra tambi\u00e9n. Se puede visitar, aunque lo est\u00e1n restaurando.<\/p>\n<p><img loading=\"lazy\" decoding=\"async\" class=\"alignnone\" src=\"https:\/\/lh5.googleusercontent.com\/-Xaj_qvMTGCw\/Tkl5PgLh32I\/AAAAAAAAAjM\/SJ6qxttBL9k\/s512\/CIMG0263.JPG\" alt=\"\" width=\"384\" height=\"512\" \/><br \/>\nEn pleno pa\u00eds de los Mosqueteros, la iglesia de Notre-Dame de Oloron Sainte-Marie.<\/p>\n<p>Despues de comer empezamos a pasar rotonda tras rotonda por la nacional en direcci\u00f3n al primero de los puertos del Tour que nos viene de camino. Hay m\u00e1s, pero tenemos el tiempo limitado.<\/p>\n<p><img loading=\"lazy\" decoding=\"async\" class=\"alignnone\" src=\"https:\/\/lh5.googleusercontent.com\/-VsheuRncY78\/Tkl5lLzPN8I\/AAAAAAAAAjY\/KWgu-bLMx5c\/s640\/CIMG0266.JPG\" alt=\"\" width=\"640\" height=\"480\" \/><br \/>\nMenudo asfalto a la entrada de Buzy, en pleno valle de Aspe.<\/p>\n<p><img loading=\"lazy\" decoding=\"async\" class=\"alignnone\" src=\"https:\/\/lh5.googleusercontent.com\/--az-zrSKjdA\/Tkl5ojeV2yI\/AAAAAAAAAjc\/592Dcl77okc\/s640\/CIMG0267.JPG\" alt=\"\" width=\"640\" height=\"480\" \/><br \/>\nEn direcci\u00f3n al Col d&#8217;Aubisque, uno de los m\u00edticos del Tour, empieza a ponerse negro y a llover. Laruns, un pueblo en fiestas como casi todos los que cruzamos.<\/p>\n<p><img loading=\"lazy\" decoding=\"async\" class=\"alignnone\" src=\"https:\/\/lh3.googleusercontent.com\/-CpdlzZzJucw\/TkokptrSqwI\/AAAAAAAAAnM\/h06DdE0le0c\/s640\/P8150021.JPG\" alt=\"\" width=\"640\" height=\"480\" \/><\/p>\n<p><img loading=\"lazy\" decoding=\"async\" class=\"alignnone\" src=\"https:\/\/lh6.googleusercontent.com\/-KOO1pLNth_c\/TkokHCIvlBI\/AAAAAAAAAnI\/dkxkmDcbMZ8\/s640\/P8150020.JPG\" alt=\"\" width=\"640\" height=\"480\" \/><\/p>\n<p><img loading=\"lazy\" decoding=\"async\" class=\"alignnone\" src=\"https:\/\/lh6.googleusercontent.com\/-pxiWF9TeMlg\/Tkl5-JOAPSI\/AAAAAAAAAj0\/wI4AoilBbNQ\/s640\/CIMG0273.JPG\" alt=\"\" width=\"640\" height=\"480\" \/><br \/>\nEl remoj\u00f3n ha valido la pena<\/p>\n<p><img loading=\"lazy\" decoding=\"async\" class=\"alignnone\" src=\"https:\/\/lh4.googleusercontent.com\/-NTDl7U4MGP8\/TkoljSF46cI\/AAAAAAAAAng\/cvFSn7hZqRE\/s640\/P8150025.JPG\" alt=\"\" width=\"640\" height=\"480\" \/><br \/>\nLa bajada es espectacular<\/p>\n<p><img loading=\"lazy\" decoding=\"async\" class=\"alignnone\" src=\"https:\/\/lh6.googleusercontent.com\/-c5f8JXghomA\/Tkl68171CDI\/AAAAAAAAAkk\/ZyZwEqOq64s\/s640\/CIMG0283.JPG\" alt=\"\" width=\"640\" height=\"480\" \/><br \/>\nBusca a Toni entre tanta cabra macho&#8230;<\/p>\n<p style=\"text-align: center;\"><strong>Para seguir leyendo la cr\u00f3nica pincha en el siguiente enlace:<\/strong><\/p>\n<p><a href=\"http:\/\/www.motostrail.com\/vb2011\/showthread.php?25731-Los-puertos-pirenaicos-del-Tour\">http:\/\/www.motostrail.com\/vb2011\/showthread.php?25731-Los-puertos-pirenaicos-del-Tour<\/a><\/p>\n","protected":false},"excerpt":{"rendered":"<p>Toni y Ana hemos salido unos d\u00edas para disfrutar de una ruta a la que ten\u00eda muchas ganas: la route des cols del Pirineo franc\u00e9s. Siguiendo el recorrido tradicional del Tour hemos recorrido unos 600 km por algunos de los &hellip; Sigue leyendo &rarr;<\/p>\n","protected":false},"author":1,"featured_media":0,"comment_status":"closed","ping_status":"closed","sticky":false,"template":"","format":"standard","meta":{"footnotes":""},"categories":[1],"tags":[],"class_list":["post-85","post","type-post","status-publish","format-standard","hentry","category-uncategorized"],"_links":{"self":[{"href":"https:\/\/www.randymotorclubpalleja.com\/wordpress\/wp-json\/wp\/v2\/posts\/85","targetHints":{"allow":["GET"]}}],"collection":[{"href":"https:\/\/www.randymotorclubpalleja.com\/wordpress\/wp-json\/wp\/v2\/posts"}],"about":[{"href":"https:\/\/www.randymotorclubpalleja.com\/wordpress\/wp-json\/wp\/v2\/types\/post"}],"author":[{"embeddable":true,"href":"https:\/\/www.randymotorclubpalleja.com\/wordpress\/wp-json\/wp\/v2\/users\/1"}],"replies":[{"embeddable":true,"href":"https:\/\/www.randymotorclubpalleja.com\/wordpress\/wp-json\/wp\/v2\/comments?post=85"}],"version-history":[{"count":8,"href":"https:\/\/www.randymotorclubpalleja.com\/wordpress\/wp-json\/wp\/v2\/posts\/85\/revisions"}],"predecessor-version":[{"id":93,"href":"https:\/\/www.randymotorclubpalleja.com\/wordpress\/wp-json\/wp\/v2\/posts\/85\/revisions\/93"}],"wp:attachment":[{"href":"https:\/\/www.randymotorclubpalleja.com\/wordpress\/wp-json\/wp\/v2\/media?parent=85"}],"wp:term":[{"taxonomy":"category","embeddable":true,"href":"https:\/\/www.randymotorclubpalleja.com\/wordpress\/wp-json\/wp\/v2\/categories?post=85"},{"taxonomy":"post_tag","embeddable":true,"href":"https:\/\/www.randymotorclubpalleja.com\/wordpress\/wp-json\/wp\/v2\/tags?post=85"}],"curies":[{"name":"wp","href":"https:\/\/api.w.org\/{rel}","templated":true}]}}